{"id":117966,"date":"2025-11-26T10:52:21","date_gmt":"2025-11-26T09:52:21","guid":{"rendered":"https:\/\/gemarballoons.com\/?p=117966"},"modified":"2025-11-27T10:39:11","modified_gmt":"2025-11-27T09:39:11","slug":"natale-con-gemar-2025-programma","status":"publish","type":"post","link":"https:\/\/gemarballoons.com\/fr\/natale-con-gemar-2025-programma\/","title":{"rendered":"Natale con Gemar, 2025"},"content":{"rendered":"\n<p><strong><em>Ti invitiamo a celebrare con noi le festivit\u00e0 Ti invitiamo a celebrare con noi l\u2019inizio delle festivit\u00e0 con un percorso di eventi che unisce installazioni scenografiche, attivit\u00e0 creative per i bambini e momenti di condivisione aperti al pubblico. Dall\u2019inaugurazione dei nostri alberi artistici alle iniziative speciali nei luoghi simbolo della citt\u00e0, ogni appuntamento nasce per far vivere la magia del Natale firmata Gemar.<\/em><\/strong><\/p>\n\n\n\n<hr class=\"wp-block-separator has-alpha-channel-opacity\"\/>\n\n\n\n<h2 class=\"wp-block-heading\"><strong>\ud83d\udcc5 27 Novembre \u2013 Inaugurazione dell\u2019albero di Natale al 39\u00b0 piano di Regione Lombardia<\/strong><\/h2>\n\n\n\n<p><strong>Location:<\/strong> Palazzo Lombardia \u2013 Belvedere, 39\u00b0 piano<\/p>\n\n\n\n<p>Gemar apre ufficialmente la stagione natalizia con la presentazione di un albero di Natale alto 4 metri, realizzato con circa 2000 palloncini in lattice naturale e progettato per dialogare con il panorama unico del Belvedere che sar\u00e0 aperto al pubblico\u00a0<a href=\"https:\/\/eventi.regione.lombardia.it\/it\/belvedere-experience-natale-2025-palazzo-lombardia\"><strong>su prenotazione<\/strong><\/a>\u00a0i giorni 6, 7, 8, 13, 14, 20, 21 dicembre e 6 gennaio.<\/p>\n\n\n\n<hr class=\"wp-block-separator has-alpha-channel-opacity\"\/>\n\n\n\n<h2 class=\"wp-block-heading\"><strong>\ud83d\udcc5 6-7 Dicembre \u2013 Laboratori creativi per bambini nell\u2019Igloo di Babbo Natale<\/strong><\/h2>\n\n\n\n<p><strong>Location:<\/strong> Piazza Citt\u00e0 di Lombardia \u2013 Milano<\/p>\n\n\n\n<p><strong>Orari: <\/strong>10:00 \u2013 11:30 \u2013 14:30 \u2013 16:00 \u2013 17:30<\/p>\n\n\n\n<p>All\u2019interno del magico Igloo di Babbo Natale, Gemar propone una giornata di laboratori natalizi dedicati ai bambini:<\/p>\n\n\n\n<ul class=\"wp-block-list\">\n<li>realizzazione di pupazzi di neve in balloon art guidati dai Maestri Gemar<\/li>\n\n\n\n<li>distribuzione di <strong>palloncini<\/strong> a tutti i piccoli partecipanti<\/li>\n<\/ul>\n\n\n\n<hr class=\"wp-block-separator has-alpha-channel-opacity\"\/>\n\n\n\n<h2 class=\"wp-block-heading\"><strong>\ud83d\udcc5 6 Dicembre \u2013 Winx Christmas Experience: Hamleys si trasforma con Gemar<\/strong><\/h2>\n\n\n\n<p><strong>Location:<\/strong> Hamleys \u2013 Milano<\/p>\n\n\n\n<p>Gemar firma l\u2019allestimento natalizio del celebre negozio con un Natale a tema Winx. Atmosfere magiche, palette iconiche e scenografie mozzafiato che trasformano la shopping experience in un viaggio nel mondo delle fate.<\/p>\n\n\n\n<hr class=\"wp-block-separator has-alpha-channel-opacity\"\/>\n\n\n\n<h2 class=\"wp-block-heading\"><strong>\ud83d\udcc5 6 Gennaio \u2013 Festa della Befana con distribuzione di palloncini<\/strong><\/h2>\n\n\n\n<p><strong>Location:<\/strong> Palazzo Lombardia \u2013 Belvedere, 39\u00b0 piano<\/p>\n\n\n\n<p>Per celebrare l\u2019Epifania, Gemar sar\u00e0 presente con una nuova distribuzione di palloncini dedicata ai bambini, in collaborazione con Regione Lombardia.<\/p>\n\n\n\n<hr class=\"wp-block-separator has-alpha-channel-opacity\"\/>\n\n\n\n<h1 class=\"wp-block-heading\"><strong>\ud83c\udf84 Un invito a vivere il Natale con Gemar<\/strong><\/h1>\n\n\n\n<p>Gemar invita cittadini, famiglie e visitatori a partecipare agli eventi in programma e a lasciarsi coinvolgere dalla magia delle sue installazioni.<br>Dalle altezze del Belvedere di Palazzo Lombardia alle atmosfere fiabesche del mondo Winx, ogni appuntamento \u00e8 pensato per regalare un momento di stupore, leggerezza e condivisione.<\/p>\n\n\n\n<p>Vivi il Natale con Gemar: un percorso di emozioni aperto a tutti.<\/p>\n","protected":false},"excerpt":{"rendered":"<p>Ti invitiamo a celebrare con noi le festivit\u00e0 Ti invitiamo a celebrare con noi l\u2019inizio delle festivit\u00e0 con un percorso di eventi che unisce installazioni scenografiche, attivit\u00e0 creative per i bambini e momenti di condivisione aperti al pubblico. Dall\u2019inaugurazione dei nostri alberi artistici alle iniziative speciali nei luoghi simbolo della citt\u00e0, ogni appuntamento nasce per<\/p>\n","protected":false},"author":7,"featured_media":117950,"comment_status":"closed","ping_status":"closed","sticky":false,"template":"","format":"standard","meta":{"_acf_changed":false,"inline_featured_image":false,"footnotes":""},"categories":[1693],"tags":[],"class_list":["post-117966","post","type-post","status-publish","format-standard","has-post-thumbnail","hentry","category-uncategorized"],"acf":{"seo_text":""},"yoast_head":"<!-- This site is optimized with the Yoast SEO plugin v27.5 - https:\/\/yoast.com\/product\/yoast-seo-wordpress\/ -->\n<title>Natale con Gemar, 2025 - Gemar Balloons<\/title>\n<meta name=\"robots\" content=\"index, follow, max-snippet:-1, max-image-preview:large, max-video-preview:-1\" \/>\n<link rel=\"canonical\" href=\"https:\/\/gemarballoons.com\/natale-con-gemar-2025-programma\/\" \/>\n<meta property=\"og:locale\" content=\"fr_FR\" \/>\n<meta property=\"og:type\" content=\"article\" \/>\n<meta property=\"og:title\" content=\"Natale con Gemar, 2025 - Gemar Balloons\" \/>\n<meta property=\"og:description\" content=\"Ti invitiamo a celebrare con noi le festivit\u00e0 Ti invitiamo a celebrare con noi l\u2019inizio delle festivit\u00e0 con un percorso di eventi che unisce installazioni scenografiche, attivit\u00e0 creative per i bambini e momenti di condivisione aperti al pubblico. Dall\u2019inaugurazione dei nostri alberi artistici alle iniziative speciali nei luoghi simbolo della citt\u00e0, ogni appuntamento nasce per\" \/>\n<meta property=\"og:url\" content=\"https:\/\/gemarballoons.com\/natale-con-gemar-2025-programma\/\" \/>\n<meta property=\"og:site_name\" content=\"Gemar Balloons\" \/>\n<meta property=\"article:published_time\" content=\"2025-11-26T09:52:21+00:00\" \/>\n<meta property=\"article:modified_time\" content=\"2025-11-27T09:39:11+00:00\" \/>\n<meta property=\"og:image\" content=\"https:\/\/gemarballoons.com\/wp-content\/uploads\/2025\/11\/Natale-Con-Gemar.jpg\" \/>\n\t<meta property=\"og:image:width\" content=\"600\" \/>\n\t<meta property=\"og:image:height\" content=\"400\" \/>\n\t<meta property=\"og:image:type\" content=\"image\/jpeg\" \/>\n<meta name=\"author\" content=\"marketing@gemar.it\" \/>\n<meta name=\"twitter:card\" content=\"summary_large_image\" \/>\n<meta name=\"twitter:label1\" content=\"\u00c9crit par\" \/>\n\t<meta name=\"twitter:data1\" content=\"marketing@gemar.it\" \/>\n\t<meta name=\"twitter:label2\" content=\"Dur\u00e9e de lecture estim\u00e9e\" \/>\n\t<meta name=\"twitter:data2\" content=\"2 minutes\" \/>\n<script type=\"application\/ld+json\" class=\"yoast-schema-graph\">{\"@context\":\"https:\\\/\\\/schema.org\",\"@graph\":[{\"@type\":\"Article\",\"@id\":\"https:\\\/\\\/gemarballoons.com\\\/natale-con-gemar-2025-programma\\\/#article\",\"isPartOf\":{\"@id\":\"https:\\\/\\\/gemarballoons.com\\\/natale-con-gemar-2025-programma\\\/\"},\"author\":{\"name\":\"marketing@gemar.it\",\"@id\":\"https:\\\/\\\/gemarballoons.com\\\/es\\\/#\\\/schema\\\/person\\\/53d484d76ee5824d0ef8b3112cb55b66\"},\"headline\":\"Natale con Gemar, 2025\",\"datePublished\":\"2025-11-26T09:52:21+00:00\",\"dateModified\":\"2025-11-27T09:39:11+00:00\",\"mainEntityOfPage\":{\"@id\":\"https:\\\/\\\/gemarballoons.com\\\/natale-con-gemar-2025-programma\\\/\"},\"wordCount\":330,\"image\":{\"@id\":\"https:\\\/\\\/gemarballoons.com\\\/natale-con-gemar-2025-programma\\\/#primaryimage\"},\"thumbnailUrl\":\"https:\\\/\\\/gemarballoons.com\\\/wp-content\\\/uploads\\\/2025\\\/11\\\/Natale-Con-Gemar.jpg\",\"articleSection\":[\"Uncategorized\"],\"inLanguage\":\"fr-FR\"},{\"@type\":\"WebPage\",\"@id\":\"https:\\\/\\\/gemarballoons.com\\\/natale-con-gemar-2025-programma\\\/\",\"url\":\"https:\\\/\\\/gemarballoons.com\\\/natale-con-gemar-2025-programma\\\/\",\"name\":\"Natale con Gemar, 2025 - Gemar Balloons\",\"isPartOf\":{\"@id\":\"https:\\\/\\\/gemarballoons.com\\\/es\\\/#website\"},\"primaryImageOfPage\":{\"@id\":\"https:\\\/\\\/gemarballoons.com\\\/natale-con-gemar-2025-programma\\\/#primaryimage\"},\"image\":{\"@id\":\"https:\\\/\\\/gemarballoons.com\\\/natale-con-gemar-2025-programma\\\/#primaryimage\"},\"thumbnailUrl\":\"https:\\\/\\\/gemarballoons.com\\\/wp-content\\\/uploads\\\/2025\\\/11\\\/Natale-Con-Gemar.jpg\",\"datePublished\":\"2025-11-26T09:52:21+00:00\",\"dateModified\":\"2025-11-27T09:39:11+00:00\",\"author\":{\"@id\":\"https:\\\/\\\/gemarballoons.com\\\/es\\\/#\\\/schema\\\/person\\\/53d484d76ee5824d0ef8b3112cb55b66\"},\"breadcrumb\":{\"@id\":\"https:\\\/\\\/gemarballoons.com\\\/natale-con-gemar-2025-programma\\\/#breadcrumb\"},\"inLanguage\":\"fr-FR\",\"potentialAction\":[{\"@type\":\"ReadAction\",\"target\":[\"https:\\\/\\\/gemarballoons.com\\\/natale-con-gemar-2025-programma\\\/\"]}]},{\"@type\":\"ImageObject\",\"inLanguage\":\"fr-FR\",\"@id\":\"https:\\\/\\\/gemarballoons.com\\\/natale-con-gemar-2025-programma\\\/#primaryimage\",\"url\":\"https:\\\/\\\/gemarballoons.com\\\/wp-content\\\/uploads\\\/2025\\\/11\\\/Natale-Con-Gemar.jpg\",\"contentUrl\":\"https:\\\/\\\/gemarballoons.com\\\/wp-content\\\/uploads\\\/2025\\\/11\\\/Natale-Con-Gemar.jpg\",\"width\":600,\"height\":400},{\"@type\":\"BreadcrumbList\",\"@id\":\"https:\\\/\\\/gemarballoons.com\\\/natale-con-gemar-2025-programma\\\/#breadcrumb\",\"itemListElement\":[{\"@type\":\"ListItem\",\"position\":1,\"name\":\"Home\",\"item\":\"https:\\\/\\\/gemarballoons.com\\\/fr\\\/\"},{\"@type\":\"ListItem\",\"position\":2,\"name\":\"Natale con Gemar, 2025\"}]},{\"@type\":\"WebSite\",\"@id\":\"https:\\\/\\\/gemarballoons.com\\\/es\\\/#website\",\"url\":\"https:\\\/\\\/gemarballoons.com\\\/es\\\/\",\"name\":\"Gemar Balloons\",\"description\":\"\",\"potentialAction\":[{\"@type\":\"SearchAction\",\"target\":{\"@type\":\"EntryPoint\",\"urlTemplate\":\"https:\\\/\\\/gemarballoons.com\\\/es\\\/?s={search_term_string}\"},\"query-input\":{\"@type\":\"PropertyValueSpecification\",\"valueRequired\":true,\"valueName\":\"search_term_string\"}}],\"inLanguage\":\"fr-FR\"},{\"@type\":\"Person\",\"@id\":\"https:\\\/\\\/gemarballoons.com\\\/es\\\/#\\\/schema\\\/person\\\/53d484d76ee5824d0ef8b3112cb55b66\",\"name\":\"marketing@gemar.it\",\"image\":{\"@type\":\"ImageObject\",\"inLanguage\":\"fr-FR\",\"@id\":\"https:\\\/\\\/secure.gravatar.com\\\/avatar\\\/f0c233d53c908d2a2afbde98cf04e434c3696779ed4c730bd82214a716b035af?s=96&d=mm&r=g\",\"url\":\"https:\\\/\\\/secure.gravatar.com\\\/avatar\\\/f0c233d53c908d2a2afbde98cf04e434c3696779ed4c730bd82214a716b035af?s=96&d=mm&r=g\",\"contentUrl\":\"https:\\\/\\\/secure.gravatar.com\\\/avatar\\\/f0c233d53c908d2a2afbde98cf04e434c3696779ed4c730bd82214a716b035af?s=96&d=mm&r=g\",\"caption\":\"marketing@gemar.it\"},\"url\":\"https:\\\/\\\/gemarballoons.com\\\/fr\\\/author\\\/marketinggemar-it\\\/\"}]}<\/script>\n<!-- \/ Yoast SEO plugin. -->","yoast_head_json":{"title":"Natale con Gemar, 2025 - Gemar Balloons","robots":{"index":"index","follow":"follow","max-snippet":"max-snippet:-1","max-image-preview":"max-image-preview:large","max-video-preview":"max-video-preview:-1"},"canonical":"https:\/\/gemarballoons.com\/natale-con-gemar-2025-programma\/","og_locale":"fr_FR","og_type":"article","og_title":"Natale con Gemar, 2025 - Gemar Balloons","og_description":"Ti invitiamo a celebrare con noi le festivit\u00e0 Ti invitiamo a celebrare con noi l\u2019inizio delle festivit\u00e0 con un percorso di eventi che unisce installazioni scenografiche, attivit\u00e0 creative per i bambini e momenti di condivisione aperti al pubblico. Dall\u2019inaugurazione dei nostri alberi artistici alle iniziative speciali nei luoghi simbolo della citt\u00e0, ogni appuntamento nasce per","og_url":"https:\/\/gemarballoons.com\/natale-con-gemar-2025-programma\/","og_site_name":"Gemar Balloons","article_published_time":"2025-11-26T09:52:21+00:00","article_modified_time":"2025-11-27T09:39:11+00:00","og_image":[{"width":600,"height":400,"url":"https:\/\/gemarballoons.com\/wp-content\/uploads\/2025\/11\/Natale-Con-Gemar.jpg","type":"image\/jpeg"}],"author":"marketing@gemar.it","twitter_card":"summary_large_image","twitter_misc":{"\u00c9crit par":"marketing@gemar.it","Dur\u00e9e de lecture estim\u00e9e":"2 minutes"},"schema":{"@context":"https:\/\/schema.org","@graph":[{"@type":"Article","@id":"https:\/\/gemarballoons.com\/natale-con-gemar-2025-programma\/#article","isPartOf":{"@id":"https:\/\/gemarballoons.com\/natale-con-gemar-2025-programma\/"},"author":{"name":"marketing@gemar.it","@id":"https:\/\/gemarballoons.com\/es\/#\/schema\/person\/53d484d76ee5824d0ef8b3112cb55b66"},"headline":"Natale con Gemar, 2025","datePublished":"2025-11-26T09:52:21+00:00","dateModified":"2025-11-27T09:39:11+00:00","mainEntityOfPage":{"@id":"https:\/\/gemarballoons.com\/natale-con-gemar-2025-programma\/"},"wordCount":330,"image":{"@id":"https:\/\/gemarballoons.com\/natale-con-gemar-2025-programma\/#primaryimage"},"thumbnailUrl":"https:\/\/gemarballoons.com\/wp-content\/uploads\/2025\/11\/Natale-Con-Gemar.jpg","articleSection":["Uncategorized"],"inLanguage":"fr-FR"},{"@type":"WebPage","@id":"https:\/\/gemarballoons.com\/natale-con-gemar-2025-programma\/","url":"https:\/\/gemarballoons.com\/natale-con-gemar-2025-programma\/","name":"Natale con Gemar, 2025 - Gemar Balloons","isPartOf":{"@id":"https:\/\/gemarballoons.com\/es\/#website"},"primaryImageOfPage":{"@id":"https:\/\/gemarballoons.com\/natale-con-gemar-2025-programma\/#primaryimage"},"image":{"@id":"https:\/\/gemarballoons.com\/natale-con-gemar-2025-programma\/#primaryimage"},"thumbnailUrl":"https:\/\/gemarballoons.com\/wp-content\/uploads\/2025\/11\/Natale-Con-Gemar.jpg","datePublished":"2025-11-26T09:52:21+00:00","dateModified":"2025-11-27T09:39:11+00:00","author":{"@id":"https:\/\/gemarballoons.com\/es\/#\/schema\/person\/53d484d76ee5824d0ef8b3112cb55b66"},"breadcrumb":{"@id":"https:\/\/gemarballoons.com\/natale-con-gemar-2025-programma\/#breadcrumb"},"inLanguage":"fr-FR","potentialAction":[{"@type":"ReadAction","target":["https:\/\/gemarballoons.com\/natale-con-gemar-2025-programma\/"]}]},{"@type":"ImageObject","inLanguage":"fr-FR","@id":"https:\/\/gemarballoons.com\/natale-con-gemar-2025-programma\/#primaryimage","url":"https:\/\/gemarballoons.com\/wp-content\/uploads\/2025\/11\/Natale-Con-Gemar.jpg","contentUrl":"https:\/\/gemarballoons.com\/wp-content\/uploads\/2025\/11\/Natale-Con-Gemar.jpg","width":600,"height":400},{"@type":"BreadcrumbList","@id":"https:\/\/gemarballoons.com\/natale-con-gemar-2025-programma\/#breadcrumb","itemListElement":[{"@type":"ListItem","position":1,"name":"Home","item":"https:\/\/gemarballoons.com\/fr\/"},{"@type":"ListItem","position":2,"name":"Natale con Gemar, 2025"}]},{"@type":"WebSite","@id":"https:\/\/gemarballoons.com\/es\/#website","url":"https:\/\/gemarballoons.com\/es\/","name":"Gemar Balloons","description":"","potentialAction":[{"@type":"SearchAction","target":{"@type":"EntryPoint","urlTemplate":"https:\/\/gemarballoons.com\/es\/?s={search_term_string}"},"query-input":{"@type":"PropertyValueSpecification","valueRequired":true,"valueName":"search_term_string"}}],"inLanguage":"fr-FR"},{"@type":"Person","@id":"https:\/\/gemarballoons.com\/es\/#\/schema\/person\/53d484d76ee5824d0ef8b3112cb55b66","name":"marketing@gemar.it","image":{"@type":"ImageObject","inLanguage":"fr-FR","@id":"https:\/\/secure.gravatar.com\/avatar\/f0c233d53c908d2a2afbde98cf04e434c3696779ed4c730bd82214a716b035af?s=96&d=mm&r=g","url":"https:\/\/secure.gravatar.com\/avatar\/f0c233d53c908d2a2afbde98cf04e434c3696779ed4c730bd82214a716b035af?s=96&d=mm&r=g","contentUrl":"https:\/\/secure.gravatar.com\/avatar\/f0c233d53c908d2a2afbde98cf04e434c3696779ed4c730bd82214a716b035af?s=96&d=mm&r=g","caption":"marketing@gemar.it"},"url":"https:\/\/gemarballoons.com\/fr\/author\/marketinggemar-it\/"}]}},"_links":{"self":[{"href":"https:\/\/gemarballoons.com\/fr\/wp-json\/wp\/v2\/posts\/117966","targetHints":{"allow":["GET"]}}],"collection":[{"href":"https:\/\/gemarballoons.com\/fr\/wp-json\/wp\/v2\/posts"}],"about":[{"href":"https:\/\/gemarballoons.com\/fr\/wp-json\/wp\/v2\/types\/post"}],"author":[{"embeddable":true,"href":"https:\/\/gemarballoons.com\/fr\/wp-json\/wp\/v2\/users\/7"}],"replies":[{"embeddable":true,"href":"https:\/\/gemarballoons.com\/fr\/wp-json\/wp\/v2\/comments?post=117966"}],"version-history":[{"count":3,"href":"https:\/\/gemarballoons.com\/fr\/wp-json\/wp\/v2\/posts\/117966\/revisions"}],"predecessor-version":[{"id":117992,"href":"https:\/\/gemarballoons.com\/fr\/wp-json\/wp\/v2\/posts\/117966\/revisions\/117992"}],"wp:featuredmedia":[{"embeddable":true,"href":"https:\/\/gemarballoons.com\/fr\/wp-json\/wp\/v2\/media\/117950"}],"wp:attachment":[{"href":"https:\/\/gemarballoons.com\/fr\/wp-json\/wp\/v2\/media?parent=117966"}],"wp:term":[{"taxonomy":"category","embeddable":true,"href":"https:\/\/gemarballoons.com\/fr\/wp-json\/wp\/v2\/categories?post=117966"},{"taxonomy":"post_tag","embeddable":true,"href":"https:\/\/gemarballoons.com\/fr\/wp-json\/wp\/v2\/tags?post=117966"}],"curies":[{"name":"wp","href":"https:\/\/api.w.org\/{rel}","templated":true}]}}