{"id":98510,"date":"2022-07-05T00:00:00","date_gmt":"2022-07-04T22:00:00","guid":{"rendered":"https:\/\/gemarballoons.com\/luz-paz-tour-2022-in-spain\/"},"modified":"2025-07-29T15:10:54","modified_gmt":"2025-07-29T13:10:54","slug":"luz-paz-tour-2022-in-spain","status":"publish","type":"post","link":"https:\/\/gemarballoons.com\/fr\/luz-paz-tour-2022-in-spain\/","title":{"rendered":"Luz Paz Tour 2022 in Spain"},"content":{"rendered":"<p>We are ready to share with you something very wonderful. Are you ready?<\/p>\n<p>On July 1 and 2 Gemar Ambassador Luz Paz gave a two days master class in Spain! The event was organized by <a href=\"https:\/\/www.instagram.com\/balloonsbyluzpaz\/\" target=\"_blank\" rel=\"nofollow noopener\">Balloons by Luz Paz<\/a> together with the <a href=\"https:\/\/www.instagram.com\/wow.pops\/\" target=\"_blank\" rel=\"nofollow noopener\">Wow Pops<\/a> team. It was completely sold out!<\/p>\n<p>Students learned how to tie balloons properly, make basic arch design and columns, how to create a Deluxe Balloon Pedestal and a Deluxe Balloons Bouquets, how to build a full party scene with panels and backdrops, organic balloon garlands, square pack wall techniques.<\/p>\n<p>So, are you ready to see what they did? Because we are ready to show you photos of these two hot days.<\/p>\n","protected":false},"excerpt":{"rendered":"<p>We are ready to share with you something very wonderful. Are you ready? On July 1 and 2 Gemar Ambassador Luz Paz gave a two days master class in Spain! The event was organized by Balloons by Luz Paz together with the Wow Pops team. It was completely sold out! Students learned how to tie<\/p>\n","protected":false},"author":2,"featured_media":98511,"comment_status":"closed","ping_status":"closed","sticky":false,"template":"","format":"standard","meta":{"_acf_changed":false,"inline_featured_image":false,"footnotes":""},"categories":[1688],"tags":[],"class_list":["post-98510","post","type-post","status-publish","format-standard","has-post-thumbnail","hentry","category-events"],"acf":{"seo_text":""},"yoast_head":"<!-- This site is optimized with the Yoast SEO plugin v27.4 - https:\/\/yoast.com\/product\/yoast-seo-wordpress\/ -->\n<title>Luz Paz Tour 2022 in Spain - Gemar Balloons<\/title>\n<meta name=\"robots\" content=\"index, follow, max-snippet:-1, max-image-preview:large, max-video-preview:-1\" \/>\n<link rel=\"canonical\" href=\"https:\/\/gemarballoons.com\/luz-paz-tour-2022-in-spain\/\" \/>\n<meta property=\"og:locale\" content=\"fr_FR\" \/>\n<meta property=\"og:type\" content=\"article\" \/>\n<meta property=\"og:title\" content=\"Luz Paz Tour 2022 in Spain - Gemar Balloons\" \/>\n<meta property=\"og:description\" content=\"We are ready to share with you something very wonderful. Are you ready? On July 1 and 2 Gemar Ambassador Luz Paz gave a two days master class in Spain! The event was organized by Balloons by Luz Paz together with the Wow Pops team. It was completely sold out! Students learned how to tie\" \/>\n<meta property=\"og:url\" content=\"https:\/\/gemarballoons.com\/luz-paz-tour-2022-in-spain\/\" \/>\n<meta property=\"og:site_name\" content=\"Gemar Balloons\" \/>\n<meta property=\"article:published_time\" content=\"2022-07-04T22:00:00+00:00\" \/>\n<meta property=\"article:modified_time\" content=\"2025-07-29T13:10:54+00:00\" \/>\n<meta property=\"og:image\" content=\"https:\/\/gemarballoons.com\/wp-content\/uploads\/2024\/09\/luzpaz_wowpop_gemar_logo.jpg\" \/>\n\t<meta property=\"og:image:width\" content=\"1080\" \/>\n\t<meta property=\"og:image:height\" content=\"1080\" \/>\n\t<meta property=\"og:image:type\" content=\"image\/jpeg\" \/>\n<meta name=\"author\" content=\"Fabio Temporin\" \/>\n<meta name=\"twitter:card\" content=\"summary_large_image\" \/>\n<meta name=\"twitter:label1\" content=\"\u00c9crit par\" \/>\n\t<meta name=\"twitter:data1\" content=\"Fabio Temporin\" \/>\n\t<meta name=\"twitter:label2\" content=\"Dur\u00e9e de lecture estim\u00e9e\" \/>\n\t<meta name=\"twitter:data2\" content=\"1 minute\" \/>\n<script type=\"application\/ld+json\" class=\"yoast-schema-graph\">{\"@context\":\"https:\\\/\\\/schema.org\",\"@graph\":[{\"@type\":\"Article\",\"@id\":\"https:\\\/\\\/gemarballoons.com\\\/luz-paz-tour-2022-in-spain\\\/#article\",\"isPartOf\":{\"@id\":\"https:\\\/\\\/gemarballoons.com\\\/luz-paz-tour-2022-in-spain\\\/\"},\"author\":{\"name\":\"Fabio Temporin\",\"@id\":\"https:\\\/\\\/gemarballoons.com\\\/es\\\/#\\\/schema\\\/person\\\/b15e7b74d11fe0b5eac6000c70a71de3\"},\"headline\":\"Luz Paz Tour 2022 in Spain\",\"datePublished\":\"2022-07-04T22:00:00+00:00\",\"dateModified\":\"2025-07-29T13:10:54+00:00\",\"mainEntityOfPage\":{\"@id\":\"https:\\\/\\\/gemarballoons.com\\\/luz-paz-tour-2022-in-spain\\\/\"},\"wordCount\":118,\"image\":{\"@id\":\"https:\\\/\\\/gemarballoons.com\\\/luz-paz-tour-2022-in-spain\\\/#primaryimage\"},\"thumbnailUrl\":\"https:\\\/\\\/gemarballoons.com\\\/wp-content\\\/uploads\\\/2024\\\/09\\\/luzpaz_wowpop_gemar_logo.jpg\",\"articleSection\":[\"Events\"],\"inLanguage\":\"fr-FR\"},{\"@type\":\"WebPage\",\"@id\":\"https:\\\/\\\/gemarballoons.com\\\/luz-paz-tour-2022-in-spain\\\/\",\"url\":\"https:\\\/\\\/gemarballoons.com\\\/luz-paz-tour-2022-in-spain\\\/\",\"name\":\"Luz Paz Tour 2022 in Spain - Gemar Balloons\",\"isPartOf\":{\"@id\":\"https:\\\/\\\/gemarballoons.com\\\/es\\\/#website\"},\"primaryImageOfPage\":{\"@id\":\"https:\\\/\\\/gemarballoons.com\\\/luz-paz-tour-2022-in-spain\\\/#primaryimage\"},\"image\":{\"@id\":\"https:\\\/\\\/gemarballoons.com\\\/luz-paz-tour-2022-in-spain\\\/#primaryimage\"},\"thumbnailUrl\":\"https:\\\/\\\/gemarballoons.com\\\/wp-content\\\/uploads\\\/2024\\\/09\\\/luzpaz_wowpop_gemar_logo.jpg\",\"datePublished\":\"2022-07-04T22:00:00+00:00\",\"dateModified\":\"2025-07-29T13:10:54+00:00\",\"author\":{\"@id\":\"https:\\\/\\\/gemarballoons.com\\\/es\\\/#\\\/schema\\\/person\\\/b15e7b74d11fe0b5eac6000c70a71de3\"},\"breadcrumb\":{\"@id\":\"https:\\\/\\\/gemarballoons.com\\\/luz-paz-tour-2022-in-spain\\\/#breadcrumb\"},\"inLanguage\":\"fr-FR\",\"potentialAction\":[{\"@type\":\"ReadAction\",\"target\":[\"https:\\\/\\\/gemarballoons.com\\\/luz-paz-tour-2022-in-spain\\\/\"]}]},{\"@type\":\"ImageObject\",\"inLanguage\":\"fr-FR\",\"@id\":\"https:\\\/\\\/gemarballoons.com\\\/luz-paz-tour-2022-in-spain\\\/#primaryimage\",\"url\":\"https:\\\/\\\/gemarballoons.com\\\/wp-content\\\/uploads\\\/2024\\\/09\\\/luzpaz_wowpop_gemar_logo.jpg\",\"contentUrl\":\"https:\\\/\\\/gemarballoons.com\\\/wp-content\\\/uploads\\\/2024\\\/09\\\/luzpaz_wowpop_gemar_logo.jpg\",\"width\":1080,\"height\":1080,\"caption\":\"luz paz tour 2022 gemar balloons\"},{\"@type\":\"BreadcrumbList\",\"@id\":\"https:\\\/\\\/gemarballoons.com\\\/luz-paz-tour-2022-in-spain\\\/#breadcrumb\",\"itemListElement\":[{\"@type\":\"ListItem\",\"position\":1,\"name\":\"Home\",\"item\":\"https:\\\/\\\/gemarballoons.com\\\/fr\\\/\"},{\"@type\":\"ListItem\",\"position\":2,\"name\":\"Luz Paz Tour 2022 in Spain\"}]},{\"@type\":\"WebSite\",\"@id\":\"https:\\\/\\\/gemarballoons.com\\\/es\\\/#website\",\"url\":\"https:\\\/\\\/gemarballoons.com\\\/es\\\/\",\"name\":\"Gemar Balloons\",\"description\":\"\",\"potentialAction\":[{\"@type\":\"SearchAction\",\"target\":{\"@type\":\"EntryPoint\",\"urlTemplate\":\"https:\\\/\\\/gemarballoons.com\\\/es\\\/?s={search_term_string}\"},\"query-input\":{\"@type\":\"PropertyValueSpecification\",\"valueRequired\":true,\"valueName\":\"search_term_string\"}}],\"inLanguage\":\"fr-FR\"},{\"@type\":\"Person\",\"@id\":\"https:\\\/\\\/gemarballoons.com\\\/es\\\/#\\\/schema\\\/person\\\/b15e7b74d11fe0b5eac6000c70a71de3\",\"name\":\"Fabio Temporin\",\"image\":{\"@type\":\"ImageObject\",\"inLanguage\":\"fr-FR\",\"@id\":\"https:\\\/\\\/secure.gravatar.com\\\/avatar\\\/7fdc977a4dadd731c94dd28d05afb62ebdae076d1584e0e4c0dc0c05b01b022d?s=96&d=mm&r=g\",\"url\":\"https:\\\/\\\/secure.gravatar.com\\\/avatar\\\/7fdc977a4dadd731c94dd28d05afb62ebdae076d1584e0e4c0dc0c05b01b022d?s=96&d=mm&r=g\",\"contentUrl\":\"https:\\\/\\\/secure.gravatar.com\\\/avatar\\\/7fdc977a4dadd731c94dd28d05afb62ebdae076d1584e0e4c0dc0c05b01b022d?s=96&d=mm&r=g\",\"caption\":\"Fabio Temporin\"},\"url\":\"https:\\\/\\\/gemarballoons.com\\\/fr\\\/author\\\/fabio-temporin\\\/\"}]}<\/script>\n<!-- \/ Yoast SEO plugin. -->","yoast_head_json":{"title":"Luz Paz Tour 2022 in Spain - Gemar Balloons","robots":{"index":"index","follow":"follow","max-snippet":"max-snippet:-1","max-image-preview":"max-image-preview:large","max-video-preview":"max-video-preview:-1"},"canonical":"https:\/\/gemarballoons.com\/luz-paz-tour-2022-in-spain\/","og_locale":"fr_FR","og_type":"article","og_title":"Luz Paz Tour 2022 in Spain - Gemar Balloons","og_description":"We are ready to share with you something very wonderful. Are you ready? On July 1 and 2 Gemar Ambassador Luz Paz gave a two days master class in Spain! The event was organized by Balloons by Luz Paz together with the Wow Pops team. It was completely sold out! Students learned how to tie","og_url":"https:\/\/gemarballoons.com\/luz-paz-tour-2022-in-spain\/","og_site_name":"Gemar Balloons","article_published_time":"2022-07-04T22:00:00+00:00","article_modified_time":"2025-07-29T13:10:54+00:00","og_image":[{"width":1080,"height":1080,"url":"https:\/\/gemarballoons.com\/wp-content\/uploads\/2024\/09\/luzpaz_wowpop_gemar_logo.jpg","type":"image\/jpeg"}],"author":"Fabio Temporin","twitter_card":"summary_large_image","twitter_misc":{"\u00c9crit par":"Fabio Temporin","Dur\u00e9e de lecture estim\u00e9e":"1 minute"},"schema":{"@context":"https:\/\/schema.org","@graph":[{"@type":"Article","@id":"https:\/\/gemarballoons.com\/luz-paz-tour-2022-in-spain\/#article","isPartOf":{"@id":"https:\/\/gemarballoons.com\/luz-paz-tour-2022-in-spain\/"},"author":{"name":"Fabio Temporin","@id":"https:\/\/gemarballoons.com\/es\/#\/schema\/person\/b15e7b74d11fe0b5eac6000c70a71de3"},"headline":"Luz Paz Tour 2022 in Spain","datePublished":"2022-07-04T22:00:00+00:00","dateModified":"2025-07-29T13:10:54+00:00","mainEntityOfPage":{"@id":"https:\/\/gemarballoons.com\/luz-paz-tour-2022-in-spain\/"},"wordCount":118,"image":{"@id":"https:\/\/gemarballoons.com\/luz-paz-tour-2022-in-spain\/#primaryimage"},"thumbnailUrl":"https:\/\/gemarballoons.com\/wp-content\/uploads\/2024\/09\/luzpaz_wowpop_gemar_logo.jpg","articleSection":["Events"],"inLanguage":"fr-FR"},{"@type":"WebPage","@id":"https:\/\/gemarballoons.com\/luz-paz-tour-2022-in-spain\/","url":"https:\/\/gemarballoons.com\/luz-paz-tour-2022-in-spain\/","name":"Luz Paz Tour 2022 in Spain - Gemar Balloons","isPartOf":{"@id":"https:\/\/gemarballoons.com\/es\/#website"},"primaryImageOfPage":{"@id":"https:\/\/gemarballoons.com\/luz-paz-tour-2022-in-spain\/#primaryimage"},"image":{"@id":"https:\/\/gemarballoons.com\/luz-paz-tour-2022-in-spain\/#primaryimage"},"thumbnailUrl":"https:\/\/gemarballoons.com\/wp-content\/uploads\/2024\/09\/luzpaz_wowpop_gemar_logo.jpg","datePublished":"2022-07-04T22:00:00+00:00","dateModified":"2025-07-29T13:10:54+00:00","author":{"@id":"https:\/\/gemarballoons.com\/es\/#\/schema\/person\/b15e7b74d11fe0b5eac6000c70a71de3"},"breadcrumb":{"@id":"https:\/\/gemarballoons.com\/luz-paz-tour-2022-in-spain\/#breadcrumb"},"inLanguage":"fr-FR","potentialAction":[{"@type":"ReadAction","target":["https:\/\/gemarballoons.com\/luz-paz-tour-2022-in-spain\/"]}]},{"@type":"ImageObject","inLanguage":"fr-FR","@id":"https:\/\/gemarballoons.com\/luz-paz-tour-2022-in-spain\/#primaryimage","url":"https:\/\/gemarballoons.com\/wp-content\/uploads\/2024\/09\/luzpaz_wowpop_gemar_logo.jpg","contentUrl":"https:\/\/gemarballoons.com\/wp-content\/uploads\/2024\/09\/luzpaz_wowpop_gemar_logo.jpg","width":1080,"height":1080,"caption":"luz paz tour 2022 gemar balloons"},{"@type":"BreadcrumbList","@id":"https:\/\/gemarballoons.com\/luz-paz-tour-2022-in-spain\/#breadcrumb","itemListElement":[{"@type":"ListItem","position":1,"name":"Home","item":"https:\/\/gemarballoons.com\/fr\/"},{"@type":"ListItem","position":2,"name":"Luz Paz Tour 2022 in Spain"}]},{"@type":"WebSite","@id":"https:\/\/gemarballoons.com\/es\/#website","url":"https:\/\/gemarballoons.com\/es\/","name":"Gemar Balloons","description":"","potentialAction":[{"@type":"SearchAction","target":{"@type":"EntryPoint","urlTemplate":"https:\/\/gemarballoons.com\/es\/?s={search_term_string}"},"query-input":{"@type":"PropertyValueSpecification","valueRequired":true,"valueName":"search_term_string"}}],"inLanguage":"fr-FR"},{"@type":"Person","@id":"https:\/\/gemarballoons.com\/es\/#\/schema\/person\/b15e7b74d11fe0b5eac6000c70a71de3","name":"Fabio Temporin","image":{"@type":"ImageObject","inLanguage":"fr-FR","@id":"https:\/\/secure.gravatar.com\/avatar\/7fdc977a4dadd731c94dd28d05afb62ebdae076d1584e0e4c0dc0c05b01b022d?s=96&d=mm&r=g","url":"https:\/\/secure.gravatar.com\/avatar\/7fdc977a4dadd731c94dd28d05afb62ebdae076d1584e0e4c0dc0c05b01b022d?s=96&d=mm&r=g","contentUrl":"https:\/\/secure.gravatar.com\/avatar\/7fdc977a4dadd731c94dd28d05afb62ebdae076d1584e0e4c0dc0c05b01b022d?s=96&d=mm&r=g","caption":"Fabio Temporin"},"url":"https:\/\/gemarballoons.com\/fr\/author\/fabio-temporin\/"}]}},"_links":{"self":[{"href":"https:\/\/gemarballoons.com\/fr\/wp-json\/wp\/v2\/posts\/98510","targetHints":{"allow":["GET"]}}],"collection":[{"href":"https:\/\/gemarballoons.com\/fr\/wp-json\/wp\/v2\/posts"}],"about":[{"href":"https:\/\/gemarballoons.com\/fr\/wp-json\/wp\/v2\/types\/post"}],"author":[{"embeddable":true,"href":"https:\/\/gemarballoons.com\/fr\/wp-json\/wp\/v2\/users\/2"}],"replies":[{"embeddable":true,"href":"https:\/\/gemarballoons.com\/fr\/wp-json\/wp\/v2\/comments?post=98510"}],"version-history":[{"count":1,"href":"https:\/\/gemarballoons.com\/fr\/wp-json\/wp\/v2\/posts\/98510\/revisions"}],"predecessor-version":[{"id":115207,"href":"https:\/\/gemarballoons.com\/fr\/wp-json\/wp\/v2\/posts\/98510\/revisions\/115207"}],"wp:featuredmedia":[{"embeddable":true,"href":"https:\/\/gemarballoons.com\/fr\/wp-json\/wp\/v2\/media\/98511"}],"wp:attachment":[{"href":"https:\/\/gemarballoons.com\/fr\/wp-json\/wp\/v2\/media?parent=98510"}],"wp:term":[{"taxonomy":"category","embeddable":true,"href":"https:\/\/gemarballoons.com\/fr\/wp-json\/wp\/v2\/categories?post=98510"},{"taxonomy":"post_tag","embeddable":true,"href":"https:\/\/gemarballoons.com\/fr\/wp-json\/wp\/v2\/tags?post=98510"}],"curies":[{"name":"wp","href":"https:\/\/api.w.org\/{rel}","templated":true}]}}