{"id":117949,"date":"2025-11-21T16:21:39","date_gmt":"2025-11-21T15:21:39","guid":{"rendered":"https:\/\/gemarballoons.com\/?p=117949"},"modified":"2025-11-25T11:11:53","modified_gmt":"2025-11-25T10:11:53","slug":"natale-con-gemar-2025","status":"publish","type":"post","link":"https:\/\/gemarballoons.com\/it\/natale-con-gemar-2025\/","title":{"rendered":"Gemar celebra il Natale con creativit\u00e0, solidariet\u00e0 e magia per grandi e piccoli a Palazzo Lombardia."},"content":{"rendered":"\n<p>Gemar \u00e8 un\u2019azienda italiana leader nella produzione di palloncini in lattice naturale. Nata a Casalvieri, in provincia di Frosinone, \u00a0e attiva da oltre quarant\u2019anni, l\u2019azienda porta avanti una tradizione familiare fondata su qualit\u00e0, innovazione e sulla volont\u00e0 di diffondere la cultura della creativit\u00e0 attraverso il gioco e l\u2019arte. Le sue installazioni, apprezzate in tutto il mondo, uniscono design, maestria artigianale e un approccio sostenibile alla produzione.<\/p>\n\n\n\n<p>Per il Natale 2025, Gemar  si prepara a vivere il Natale con iniziative che uniscono tradizione, design e divertimento, un &nbsp;\u201cNatale con Gemar\u201d, pensato per trasformare il periodo delle feste in un\u2019esperienza coinvolgente per bambini e adulti. <\/p>\n\n\n\n<p>Riconfermata anche per quest\u2019anno la collaborazione con l\u2019evento natalizio promosso da&nbsp;<strong>Regione Lombardia<\/strong>. <\/p>\n\n\n\n<p>Il calendario delle attivit\u00e0 natalizie prende il via il 27 novembre a Palazzo Lombardia, dove sar\u00e0 inaugurato un imponente albero di Natale all\u2019interno del Belvedere, al 39\u00b0 piano, realizzato interamente con oltre 2.000 palloncini naturali realizzati con lattice 100% biologico, e pensato per integrarsi armoniosamente con l\u2019architettura del palazzo.<\/p>\n\n\n\n<p>Il <strong>6 e 7 dicembre<\/strong>, la collaborazione proseguir\u00e0 con due giornate di <strong>laboratori creativi per bambini<\/strong>, nell&#8217;Igloo di Babbo Natale in Piazza Citta di Lombardia, durante i quali i pi\u00f9 piccoli potranno realizzare <strong>pupazzi di neve<\/strong> con l\u2019aiuto dei Maestri Gemar . A rendere l\u2019esperienza ancora pi\u00f9 speciale ci sar\u00e0 la distribuzione di <strong>palloncini<\/strong>, regalati ai bambini come ricordo dell\u2019attivit\u00e0 e anche in occasione dell&#8217;arrivo della Befana, quando si concluder\u00e0 il percorso di &#8220;Natale con Gemar&#8221;.<\/p>\n\n\n\n<p>\u201c<em>Il Natale per noi non \u00e8 solo un periodo di decorazioni: \u00e8 un\u2019occasione per mostrare come la creativit\u00e0 possa trasformare gli spazi e creare legami<\/em>,\u201d afferma Genesio Rocca, titolare Gemar. \u201c<em>Dalle installazioni istituzionali ai laboratori per bambini &#8211; <\/em>prosegue<em>&#8211;  ogni progetto nasce con l\u2019idea di portare un\u2019esperienza, non solo un allestimento. \u00c8 il nostro modo di contribuire a un momento dell\u2019anno che unisce tutti.<\/em>\u201d<\/p>\n\n\n\n<p>Con queste iniziative, Gemar conferma il proprio impegno nel diffondere la cultura della balloon art e nell\u2019utilizzare la creativit\u00e0 come strumento per creare momenti di condivisione, stupore e partecipazione.<\/p>\n\n\n\n<p>Scarica l&#8217;immagine qui: <a href=\"https:\/\/brandfolder.com\/gemar\/gemar-press-pack\/#!asset\/prwt4gqn672gjwkrqq5fcns\">Natale Con Gemar<\/a><\/p>\n\n\n\n<p><\/p>\n","protected":false},"excerpt":{"rendered":"<p>Gemar \u00e8 un\u2019azienda italiana leader nella produzione di palloncini in lattice naturale. Nata a Casalvieri, in provincia di Frosinone, \u00a0e attiva da oltre quarant\u2019anni, l\u2019azienda porta avanti una tradizione familiare fondata su qualit\u00e0, innovazione e sulla volont\u00e0 di diffondere la cultura della creativit\u00e0 attraverso il gioco e l\u2019arte. Le sue installazioni, apprezzate in tutto il<\/p>\n","protected":false},"author":7,"featured_media":117950,"comment_status":"closed","ping_status":"closed","sticky":false,"template":"","format":"standard","meta":{"_acf_changed":false,"inline_featured_image":false,"footnotes":""},"categories":[1686,1687],"tags":[],"class_list":["post-117949","post","type-post","status-publish","format-standard","has-post-thumbnail","hentry","category-press-releases","category-news"],"acf":{"seo_text":""},"yoast_head":"<!-- This site is optimized with the Yoast SEO plugin v27.5 - https:\/\/yoast.com\/product\/yoast-seo-wordpress\/ -->\n<title>Gemar celebra il Natale con creativit\u00e0, solidariet\u00e0 e magia per grandi e piccoli a Palazzo Lombardia. - Gemar Balloons<\/title>\n<meta name=\"robots\" content=\"index, follow, max-snippet:-1, max-image-preview:large, max-video-preview:-1\" \/>\n<link rel=\"canonical\" href=\"https:\/\/gemarballoons.com\/natale-con-gemar-2025\/\" \/>\n<meta property=\"og:locale\" content=\"it_IT\" \/>\n<meta property=\"og:type\" content=\"article\" \/>\n<meta property=\"og:title\" content=\"Gemar celebra il Natale con creativit\u00e0, solidariet\u00e0 e magia per grandi e piccoli a Palazzo Lombardia. - Gemar Balloons\" \/>\n<meta property=\"og:description\" content=\"Gemar \u00e8 un\u2019azienda italiana leader nella produzione di palloncini in lattice naturale. Nata a Casalvieri, in provincia di Frosinone, \u00a0e attiva da oltre quarant\u2019anni, l\u2019azienda porta avanti una tradizione familiare fondata su qualit\u00e0, innovazione e sulla volont\u00e0 di diffondere la cultura della creativit\u00e0 attraverso il gioco e l\u2019arte. Le sue installazioni, apprezzate in tutto il\" \/>\n<meta property=\"og:url\" content=\"https:\/\/gemarballoons.com\/natale-con-gemar-2025\/\" \/>\n<meta property=\"og:site_name\" content=\"Gemar Balloons\" \/>\n<meta property=\"article:published_time\" content=\"2025-11-21T15:21:39+00:00\" \/>\n<meta property=\"article:modified_time\" content=\"2025-11-25T10:11:53+00:00\" \/>\n<meta property=\"og:image\" content=\"https:\/\/gemarballoons.com\/wp-content\/uploads\/2025\/11\/Natale-Con-Gemar.jpg\" \/>\n\t<meta property=\"og:image:width\" content=\"600\" \/>\n\t<meta property=\"og:image:height\" content=\"400\" \/>\n\t<meta property=\"og:image:type\" content=\"image\/jpeg\" \/>\n<meta name=\"author\" content=\"marketing@gemar.it\" \/>\n<meta name=\"twitter:card\" content=\"summary_large_image\" \/>\n<meta name=\"twitter:label1\" content=\"Scritto da\" \/>\n\t<meta name=\"twitter:data1\" content=\"marketing@gemar.it\" \/>\n\t<meta name=\"twitter:label2\" content=\"Tempo di lettura stimato\" \/>\n\t<meta name=\"twitter:data2\" content=\"2 minuti\" \/>\n<script type=\"application\/ld+json\" class=\"yoast-schema-graph\">{\"@context\":\"https:\\\/\\\/schema.org\",\"@graph\":[{\"@type\":\"Article\",\"@id\":\"https:\\\/\\\/gemarballoons.com\\\/natale-con-gemar-2025\\\/#article\",\"isPartOf\":{\"@id\":\"https:\\\/\\\/gemarballoons.com\\\/natale-con-gemar-2025\\\/\"},\"author\":{\"name\":\"marketing@gemar.it\",\"@id\":\"https:\\\/\\\/gemarballoons.com\\\/es\\\/#\\\/schema\\\/person\\\/53d484d76ee5824d0ef8b3112cb55b66\"},\"headline\":\"Gemar celebra il Natale con creativit\u00e0, solidariet\u00e0 e magia per grandi e piccoli a Palazzo Lombardia.\",\"datePublished\":\"2025-11-21T15:21:39+00:00\",\"dateModified\":\"2025-11-25T10:11:53+00:00\",\"mainEntityOfPage\":{\"@id\":\"https:\\\/\\\/gemarballoons.com\\\/natale-con-gemar-2025\\\/\"},\"wordCount\":366,\"image\":{\"@id\":\"https:\\\/\\\/gemarballoons.com\\\/natale-con-gemar-2025\\\/#primaryimage\"},\"thumbnailUrl\":\"https:\\\/\\\/gemarballoons.com\\\/wp-content\\\/uploads\\\/2025\\\/11\\\/Natale-Con-Gemar.jpg\",\"articleSection\":[\"Press releases\",\"News\"],\"inLanguage\":\"it-IT\"},{\"@type\":\"WebPage\",\"@id\":\"https:\\\/\\\/gemarballoons.com\\\/natale-con-gemar-2025\\\/\",\"url\":\"https:\\\/\\\/gemarballoons.com\\\/natale-con-gemar-2025\\\/\",\"name\":\"Gemar celebra il Natale con creativit\u00e0, solidariet\u00e0 e magia per grandi e piccoli a Palazzo Lombardia. - Gemar Balloons\",\"isPartOf\":{\"@id\":\"https:\\\/\\\/gemarballoons.com\\\/es\\\/#website\"},\"primaryImageOfPage\":{\"@id\":\"https:\\\/\\\/gemarballoons.com\\\/natale-con-gemar-2025\\\/#primaryimage\"},\"image\":{\"@id\":\"https:\\\/\\\/gemarballoons.com\\\/natale-con-gemar-2025\\\/#primaryimage\"},\"thumbnailUrl\":\"https:\\\/\\\/gemarballoons.com\\\/wp-content\\\/uploads\\\/2025\\\/11\\\/Natale-Con-Gemar.jpg\",\"datePublished\":\"2025-11-21T15:21:39+00:00\",\"dateModified\":\"2025-11-25T10:11:53+00:00\",\"author\":{\"@id\":\"https:\\\/\\\/gemarballoons.com\\\/es\\\/#\\\/schema\\\/person\\\/53d484d76ee5824d0ef8b3112cb55b66\"},\"breadcrumb\":{\"@id\":\"https:\\\/\\\/gemarballoons.com\\\/natale-con-gemar-2025\\\/#breadcrumb\"},\"inLanguage\":\"it-IT\",\"potentialAction\":[{\"@type\":\"ReadAction\",\"target\":[\"https:\\\/\\\/gemarballoons.com\\\/natale-con-gemar-2025\\\/\"]}]},{\"@type\":\"ImageObject\",\"inLanguage\":\"it-IT\",\"@id\":\"https:\\\/\\\/gemarballoons.com\\\/natale-con-gemar-2025\\\/#primaryimage\",\"url\":\"https:\\\/\\\/gemarballoons.com\\\/wp-content\\\/uploads\\\/2025\\\/11\\\/Natale-Con-Gemar.jpg\",\"contentUrl\":\"https:\\\/\\\/gemarballoons.com\\\/wp-content\\\/uploads\\\/2025\\\/11\\\/Natale-Con-Gemar.jpg\",\"width\":600,\"height\":400},{\"@type\":\"BreadcrumbList\",\"@id\":\"https:\\\/\\\/gemarballoons.com\\\/natale-con-gemar-2025\\\/#breadcrumb\",\"itemListElement\":[{\"@type\":\"ListItem\",\"position\":1,\"name\":\"Home\",\"item\":\"https:\\\/\\\/gemarballoons.com\\\/it\\\/\"},{\"@type\":\"ListItem\",\"position\":2,\"name\":\"Gemar celebra il Natale con creativit\u00e0, solidariet\u00e0 e magia per grandi e piccoli a Palazzo Lombardia.\"}]},{\"@type\":\"WebSite\",\"@id\":\"https:\\\/\\\/gemarballoons.com\\\/es\\\/#website\",\"url\":\"https:\\\/\\\/gemarballoons.com\\\/es\\\/\",\"name\":\"Gemar Balloons\",\"description\":\"\",\"potentialAction\":[{\"@type\":\"SearchAction\",\"target\":{\"@type\":\"EntryPoint\",\"urlTemplate\":\"https:\\\/\\\/gemarballoons.com\\\/es\\\/?s={search_term_string}\"},\"query-input\":{\"@type\":\"PropertyValueSpecification\",\"valueRequired\":true,\"valueName\":\"search_term_string\"}}],\"inLanguage\":\"it-IT\"},{\"@type\":\"Person\",\"@id\":\"https:\\\/\\\/gemarballoons.com\\\/es\\\/#\\\/schema\\\/person\\\/53d484d76ee5824d0ef8b3112cb55b66\",\"name\":\"marketing@gemar.it\",\"image\":{\"@type\":\"ImageObject\",\"inLanguage\":\"it-IT\",\"@id\":\"https:\\\/\\\/secure.gravatar.com\\\/avatar\\\/f0c233d53c908d2a2afbde98cf04e434c3696779ed4c730bd82214a716b035af?s=96&d=mm&r=g\",\"url\":\"https:\\\/\\\/secure.gravatar.com\\\/avatar\\\/f0c233d53c908d2a2afbde98cf04e434c3696779ed4c730bd82214a716b035af?s=96&d=mm&r=g\",\"contentUrl\":\"https:\\\/\\\/secure.gravatar.com\\\/avatar\\\/f0c233d53c908d2a2afbde98cf04e434c3696779ed4c730bd82214a716b035af?s=96&d=mm&r=g\",\"caption\":\"marketing@gemar.it\"},\"url\":\"https:\\\/\\\/gemarballoons.com\\\/it\\\/author\\\/marketinggemar-it\\\/\"}]}<\/script>\n<!-- \/ Yoast SEO plugin. -->","yoast_head_json":{"title":"Gemar celebra il Natale con creativit\u00e0, solidariet\u00e0 e magia per grandi e piccoli a Palazzo Lombardia. - Gemar Balloons","robots":{"index":"index","follow":"follow","max-snippet":"max-snippet:-1","max-image-preview":"max-image-preview:large","max-video-preview":"max-video-preview:-1"},"canonical":"https:\/\/gemarballoons.com\/natale-con-gemar-2025\/","og_locale":"it_IT","og_type":"article","og_title":"Gemar celebra il Natale con creativit\u00e0, solidariet\u00e0 e magia per grandi e piccoli a Palazzo Lombardia. - Gemar Balloons","og_description":"Gemar \u00e8 un\u2019azienda italiana leader nella produzione di palloncini in lattice naturale. Nata a Casalvieri, in provincia di Frosinone, \u00a0e attiva da oltre quarant\u2019anni, l\u2019azienda porta avanti una tradizione familiare fondata su qualit\u00e0, innovazione e sulla volont\u00e0 di diffondere la cultura della creativit\u00e0 attraverso il gioco e l\u2019arte. Le sue installazioni, apprezzate in tutto il","og_url":"https:\/\/gemarballoons.com\/natale-con-gemar-2025\/","og_site_name":"Gemar Balloons","article_published_time":"2025-11-21T15:21:39+00:00","article_modified_time":"2025-11-25T10:11:53+00:00","og_image":[{"width":600,"height":400,"url":"https:\/\/gemarballoons.com\/wp-content\/uploads\/2025\/11\/Natale-Con-Gemar.jpg","type":"image\/jpeg"}],"author":"marketing@gemar.it","twitter_card":"summary_large_image","twitter_misc":{"Scritto da":"marketing@gemar.it","Tempo di lettura stimato":"2 minuti"},"schema":{"@context":"https:\/\/schema.org","@graph":[{"@type":"Article","@id":"https:\/\/gemarballoons.com\/natale-con-gemar-2025\/#article","isPartOf":{"@id":"https:\/\/gemarballoons.com\/natale-con-gemar-2025\/"},"author":{"name":"marketing@gemar.it","@id":"https:\/\/gemarballoons.com\/es\/#\/schema\/person\/53d484d76ee5824d0ef8b3112cb55b66"},"headline":"Gemar celebra il Natale con creativit\u00e0, solidariet\u00e0 e magia per grandi e piccoli a Palazzo Lombardia.","datePublished":"2025-11-21T15:21:39+00:00","dateModified":"2025-11-25T10:11:53+00:00","mainEntityOfPage":{"@id":"https:\/\/gemarballoons.com\/natale-con-gemar-2025\/"},"wordCount":366,"image":{"@id":"https:\/\/gemarballoons.com\/natale-con-gemar-2025\/#primaryimage"},"thumbnailUrl":"https:\/\/gemarballoons.com\/wp-content\/uploads\/2025\/11\/Natale-Con-Gemar.jpg","articleSection":["Press releases","News"],"inLanguage":"it-IT"},{"@type":"WebPage","@id":"https:\/\/gemarballoons.com\/natale-con-gemar-2025\/","url":"https:\/\/gemarballoons.com\/natale-con-gemar-2025\/","name":"Gemar celebra il Natale con creativit\u00e0, solidariet\u00e0 e magia per grandi e piccoli a Palazzo Lombardia. - Gemar Balloons","isPartOf":{"@id":"https:\/\/gemarballoons.com\/es\/#website"},"primaryImageOfPage":{"@id":"https:\/\/gemarballoons.com\/natale-con-gemar-2025\/#primaryimage"},"image":{"@id":"https:\/\/gemarballoons.com\/natale-con-gemar-2025\/#primaryimage"},"thumbnailUrl":"https:\/\/gemarballoons.com\/wp-content\/uploads\/2025\/11\/Natale-Con-Gemar.jpg","datePublished":"2025-11-21T15:21:39+00:00","dateModified":"2025-11-25T10:11:53+00:00","author":{"@id":"https:\/\/gemarballoons.com\/es\/#\/schema\/person\/53d484d76ee5824d0ef8b3112cb55b66"},"breadcrumb":{"@id":"https:\/\/gemarballoons.com\/natale-con-gemar-2025\/#breadcrumb"},"inLanguage":"it-IT","potentialAction":[{"@type":"ReadAction","target":["https:\/\/gemarballoons.com\/natale-con-gemar-2025\/"]}]},{"@type":"ImageObject","inLanguage":"it-IT","@id":"https:\/\/gemarballoons.com\/natale-con-gemar-2025\/#primaryimage","url":"https:\/\/gemarballoons.com\/wp-content\/uploads\/2025\/11\/Natale-Con-Gemar.jpg","contentUrl":"https:\/\/gemarballoons.com\/wp-content\/uploads\/2025\/11\/Natale-Con-Gemar.jpg","width":600,"height":400},{"@type":"BreadcrumbList","@id":"https:\/\/gemarballoons.com\/natale-con-gemar-2025\/#breadcrumb","itemListElement":[{"@type":"ListItem","position":1,"name":"Home","item":"https:\/\/gemarballoons.com\/it\/"},{"@type":"ListItem","position":2,"name":"Gemar celebra il Natale con creativit\u00e0, solidariet\u00e0 e magia per grandi e piccoli a Palazzo Lombardia."}]},{"@type":"WebSite","@id":"https:\/\/gemarballoons.com\/es\/#website","url":"https:\/\/gemarballoons.com\/es\/","name":"Gemar Balloons","description":"","potentialAction":[{"@type":"SearchAction","target":{"@type":"EntryPoint","urlTemplate":"https:\/\/gemarballoons.com\/es\/?s={search_term_string}"},"query-input":{"@type":"PropertyValueSpecification","valueRequired":true,"valueName":"search_term_string"}}],"inLanguage":"it-IT"},{"@type":"Person","@id":"https:\/\/gemarballoons.com\/es\/#\/schema\/person\/53d484d76ee5824d0ef8b3112cb55b66","name":"marketing@gemar.it","image":{"@type":"ImageObject","inLanguage":"it-IT","@id":"https:\/\/secure.gravatar.com\/avatar\/f0c233d53c908d2a2afbde98cf04e434c3696779ed4c730bd82214a716b035af?s=96&d=mm&r=g","url":"https:\/\/secure.gravatar.com\/avatar\/f0c233d53c908d2a2afbde98cf04e434c3696779ed4c730bd82214a716b035af?s=96&d=mm&r=g","contentUrl":"https:\/\/secure.gravatar.com\/avatar\/f0c233d53c908d2a2afbde98cf04e434c3696779ed4c730bd82214a716b035af?s=96&d=mm&r=g","caption":"marketing@gemar.it"},"url":"https:\/\/gemarballoons.com\/it\/author\/marketinggemar-it\/"}]}},"_links":{"self":[{"href":"https:\/\/gemarballoons.com\/it\/wp-json\/wp\/v2\/posts\/117949","targetHints":{"allow":["GET"]}}],"collection":[{"href":"https:\/\/gemarballoons.com\/it\/wp-json\/wp\/v2\/posts"}],"about":[{"href":"https:\/\/gemarballoons.com\/it\/wp-json\/wp\/v2\/types\/post"}],"author":[{"embeddable":true,"href":"https:\/\/gemarballoons.com\/it\/wp-json\/wp\/v2\/users\/7"}],"replies":[{"embeddable":true,"href":"https:\/\/gemarballoons.com\/it\/wp-json\/wp\/v2\/comments?post=117949"}],"version-history":[{"count":4,"href":"https:\/\/gemarballoons.com\/it\/wp-json\/wp\/v2\/posts\/117949\/revisions"}],"predecessor-version":[{"id":117965,"href":"https:\/\/gemarballoons.com\/it\/wp-json\/wp\/v2\/posts\/117949\/revisions\/117965"}],"wp:featuredmedia":[{"embeddable":true,"href":"https:\/\/gemarballoons.com\/it\/wp-json\/wp\/v2\/media\/117950"}],"wp:attachment":[{"href":"https:\/\/gemarballoons.com\/it\/wp-json\/wp\/v2\/media?parent=117949"}],"wp:term":[{"taxonomy":"category","embeddable":true,"href":"https:\/\/gemarballoons.com\/it\/wp-json\/wp\/v2\/categories?post=117949"},{"taxonomy":"post_tag","embeddable":true,"href":"https:\/\/gemarballoons.com\/it\/wp-json\/wp\/v2\/tags?post=117949"}],"curies":[{"name":"wp","href":"https:\/\/api.w.org\/{rel}","templated":true}]}}